{"id":113,"date":"2010-11-11T19:38:00","date_gmt":"2010-11-11T19:38:00","guid":{"rendered":"http:\/\/www.aite-extremadura.org\/blog\/?p=113"},"modified":"2018-05-09T23:39:12","modified_gmt":"2018-05-09T22:39:12","slug":"proyecto-aprender-actividades-interactivas-para-alumnos-con-n-e-e","status":"publish","type":"post","link":"http:\/\/www.aite-extremadura.org\/blog\/proyecto-aprender-actividades-interactivas-para-alumnos-con-n-e-e\/","title":{"rendered":"Proyecto Aprender. Actividades Interactivas para alumnos con N.E.E."},"content":{"rendered":"<p>Es posible que muchos de vosotros conozc\u00e1is el material que hoy os presentamos. Se trata del <strong><a href=\"http:\/\/recursostic.educacion.es\/aeduc\/aprender\/web\/index.html\">Proyecto Aprender<\/a><\/strong>. Una completa suite educativa interactiva dise\u00f1ada especialmente para alumnos con necesidades educativas especiales. <\/p>\n<p><\/p>\n<div style=\"clear: both; text-align: center;\"><a href=\"http:\/\/www.aite-extremadura.org\/blog\/wp-content\/uploads\/2010\/11\/aprender.jpg\" style=\"margin-left: 1em; margin-right: 1em;\"><img decoding=\"async\" border=\"0\" px=\"true\" src=\"http:\/\/www.aite-extremadura.org\/blog\/wp-content\/uploads\/2010\/11\/aprender.jpg\" \/><\/a><\/div>\n<p>El proyecto nace de la colaboraci\u00f3n entre el Ministerio de Educaci\u00f3n y las comunidades aut\u00f3nomas en el marco de Internet en el Aula y ha sido elaborado por docentes especialistas en Educaci\u00f3n Especial.<\/p>\n","protected":false},"excerpt":{"rendered":"<p>Es posible que muchos de vosotros conozc\u00e1is el material que hoy os presentamos. Se trata del Proyecto Aprender. Una completa suite educativa interactiva dise\u00f1ada especialmente para alumnos con necesidades educativas especiales. El proyecto nace de la colaboraci\u00f3n entre el Ministerio de Educaci\u00f3n y las comunidades aut\u00f3nomas en el marco de Internet en el Aula y [&hellip;]<\/p>\n","protected":false},"author":1,"featured_media":307,"comment_status":"closed","ping_status":"open","sticky":false,"template":"","format":"standard","meta":{"_monsterinsights_skip_tracking":false,"_monsterinsights_sitenote_active":false,"_monsterinsights_sitenote_note":"","_monsterinsights_sitenote_category":0,"footnotes":""},"categories":[9],"tags":[],"class_list":["post-113","post","type-post","status-publish","format-standard","has-post-thumbnail","hentry","category-paginas-de-interes"],"_links":{"self":[{"href":"http:\/\/www.aite-extremadura.org\/blog\/wp-json\/wp\/v2\/posts\/113","targetHints":{"allow":["GET"]}}],"collection":[{"href":"http:\/\/www.aite-extremadura.org\/blog\/wp-json\/wp\/v2\/posts"}],"about":[{"href":"http:\/\/www.aite-extremadura.org\/blog\/wp-json\/wp\/v2\/types\/post"}],"author":[{"embeddable":true,"href":"http:\/\/www.aite-extremadura.org\/blog\/wp-json\/wp\/v2\/users\/1"}],"replies":[{"embeddable":true,"href":"http:\/\/www.aite-extremadura.org\/blog\/wp-json\/wp\/v2\/comments?post=113"}],"version-history":[{"count":1,"href":"http:\/\/www.aite-extremadura.org\/blog\/wp-json\/wp\/v2\/posts\/113\/revisions"}],"predecessor-version":[{"id":510,"href":"http:\/\/www.aite-extremadura.org\/blog\/wp-json\/wp\/v2\/posts\/113\/revisions\/510"}],"wp:featuredmedia":[{"embeddable":true,"href":"http:\/\/www.aite-extremadura.org\/blog\/wp-json\/wp\/v2\/media\/307"}],"wp:attachment":[{"href":"http:\/\/www.aite-extremadura.org\/blog\/wp-json\/wp\/v2\/media?parent=113"}],"wp:term":[{"taxonomy":"category","embeddable":true,"href":"http:\/\/www.aite-extremadura.org\/blog\/wp-json\/wp\/v2\/categories?post=113"},{"taxonomy":"post_tag","embeddable":true,"href":"http:\/\/www.aite-extremadura.org\/blog\/wp-json\/wp\/v2\/tags?post=113"}],"curies":[{"name":"wp","href":"https:\/\/api.w.org\/{rel}","templated":true}]}}