{"id":111,"date":"2010-11-24T12:27:00","date_gmt":"2010-11-24T12:27:00","guid":{"rendered":"http:\/\/www.aite-extremadura.org\/blog\/?p=111"},"modified":"2018-05-09T23:39:12","modified_gmt":"2018-05-09T22:39:12","slug":"recursos-para-ninos-y-ninas-con-ceguera-en-a-temprana-y-ed-infantil","status":"publish","type":"post","link":"http:\/\/www.aite-extremadura.org\/blog\/recursos-para-ninos-y-ninas-con-ceguera-en-a-temprana-y-ed-infantil\/","title":{"rendered":"Recursos para ni\u00f1os y ni\u00f1as con ceguera en A.Temprana y Ed. Infantil"},"content":{"rendered":"<p>Se ha colgado tanto en la Intranet de Servicios Sociales (en Novedades y tambi\u00e9n dentro de Documentaci\u00f3n T\u00e9cnica\/Recomendaciones, criterios y buenas pr\u00e1cticas\/Atenci\u00f3n Educativa) as\u00ed como en la Web de educaci\u00f3n (dentro de la carpeta de recursos\/educaci\u00f3n infantil) un documento elaborado por el grupo ACCEDO, sobre \u201cRecursos para ni\u00f1os y ni\u00f1as con ceguera en Atenci\u00f3n Temprana y Educaci\u00f3n Infantil\u201d. Os dejamos aqu\u00ed el <a href=\"http:\/\/educacion.once.es\/home.cfm?id=130&amp;nivel=2&amp;orden=2\">ENLACE<\/a>.<\/p>\n<p>Os agradecemos que traslad\u00e9is esta informaci\u00f3n a los profesionales de vuestro \u00e1mbito.<\/p>\n<div style=\"clear: both; text-align: center;\"><a href=\"http:\/\/educacion.once.es\/home.cfm?id=130&amp;nivel=2&amp;orden=2\"><img decoding=\"async\" border=\"0\" ox=\"true\" src=\"http:\/\/www.aite-extremadura.org\/blog\/wp-content\/uploads\/2010\/11\/lapulga.jpg\" \/><\/a><\/div>\n","protected":false},"excerpt":{"rendered":"<p>Se ha colgado tanto en la Intranet de Servicios Sociales (en Novedades y tambi\u00e9n dentro de Documentaci\u00f3n T\u00e9cnica\/Recomendaciones, criterios y buenas pr\u00e1cticas\/Atenci\u00f3n Educativa) as\u00ed como en la Web de educaci\u00f3n (dentro de la carpeta de recursos\/educaci\u00f3n infantil) un documento elaborado por el grupo ACCEDO, sobre \u201cRecursos para ni\u00f1os y ni\u00f1as con ceguera en Atenci\u00f3n Temprana [&hellip;]<\/p>\n","protected":false},"author":1,"featured_media":305,"comment_status":"closed","ping_status":"open","sticky":false,"template":"","format":"standard","meta":{"_monsterinsights_skip_tracking":false,"_monsterinsights_sitenote_active":false,"_monsterinsights_sitenote_note":"","_monsterinsights_sitenote_category":0,"footnotes":""},"categories":[12],"tags":[],"class_list":["post-111","post","type-post","status-publish","format-standard","has-post-thumbnail","hentry","category-material"],"_links":{"self":[{"href":"http:\/\/www.aite-extremadura.org\/blog\/wp-json\/wp\/v2\/posts\/111","targetHints":{"allow":["GET"]}}],"collection":[{"href":"http:\/\/www.aite-extremadura.org\/blog\/wp-json\/wp\/v2\/posts"}],"about":[{"href":"http:\/\/www.aite-extremadura.org\/blog\/wp-json\/wp\/v2\/types\/post"}],"author":[{"embeddable":true,"href":"http:\/\/www.aite-extremadura.org\/blog\/wp-json\/wp\/v2\/users\/1"}],"replies":[{"embeddable":true,"href":"http:\/\/www.aite-extremadura.org\/blog\/wp-json\/wp\/v2\/comments?post=111"}],"version-history":[{"count":1,"href":"http:\/\/www.aite-extremadura.org\/blog\/wp-json\/wp\/v2\/posts\/111\/revisions"}],"predecessor-version":[{"id":508,"href":"http:\/\/www.aite-extremadura.org\/blog\/wp-json\/wp\/v2\/posts\/111\/revisions\/508"}],"wp:featuredmedia":[{"embeddable":true,"href":"http:\/\/www.aite-extremadura.org\/blog\/wp-json\/wp\/v2\/media\/305"}],"wp:attachment":[{"href":"http:\/\/www.aite-extremadura.org\/blog\/wp-json\/wp\/v2\/media?parent=111"}],"wp:term":[{"taxonomy":"category","embeddable":true,"href":"http:\/\/www.aite-extremadura.org\/blog\/wp-json\/wp\/v2\/categories?post=111"},{"taxonomy":"post_tag","embeddable":true,"href":"http:\/\/www.aite-extremadura.org\/blog\/wp-json\/wp\/v2\/tags?post=111"}],"curies":[{"name":"wp","href":"https:\/\/api.w.org\/{rel}","templated":true}]}}