{"id":110,"date":"2010-12-01T07:45:00","date_gmt":"2010-12-01T07:45:00","guid":{"rendered":"http:\/\/www.aite-extremadura.org\/blog\/?p=110"},"modified":"2018-05-09T23:39:12","modified_gmt":"2018-05-09T22:39:12","slug":"otorgado-el-ii-premio-de-atencion-temprana","status":"publish","type":"post","link":"http:\/\/www.aite-extremadura.org\/blog\/otorgado-el-ii-premio-de-atencion-temprana\/","title":{"rendered":"Otorgado el II Premio de Atenci\u00f3n Temprana"},"content":{"rendered":"<p>El II PREMIO de ATENCI\u00d3N TEMPRANA otorgado por la Federaci\u00f3n de Asociaciones de Profesionales de Atenci\u00f3n Temprana, GAT,&nbsp;se va para Murcia.<br \/>Recogida la valoraci\u00f3n de los miembros del jurado de la II Edici\u00f3n de los Premios Estatales de Atenci\u00f3n Temprana, convocado por la Federaci\u00f3n de Asociaciones de Profesionales de Atenci\u00f3n Temprana con el apoyo econ\u00f3mico e institucional de la Fundaci\u00f3n ONCE, se fallan los siguientes premios:<br \/>El II Premio Estatal de Atenci\u00f3n Temprana en la modalidad de investigaci\u00f3n se concede al Grupo de Investigaci\u00f3n en Atenci\u00f3n Temprana (GIAT) de la Universidad de Murcia por el trabajo denominado:<br \/>\u00bb La evaluaci\u00f3n como primera forma de intervenci\u00f3n\u00bb<br \/>El II premio honor\u00edfico de Atenci\u00f3n Temprana, se declara desierto.<br \/>El premio fue entregado durante las III Jornadas Interdisciplinares de Atenci\u00f3n Temprana en Palma.<\/p>\n<div style=\"clear: both; text-align: center;\"><a href=\"http:\/\/www.aite-extremadura.org\/blog\/wp-content\/uploads\/2010\/12\/09PremioEstatalAT01.jpg\" style=\"margin-left: 1em; margin-right: 1em;\"><img decoding=\"async\" border=\"0\" ox=\"true\" src=\"http:\/\/www.aite-extremadura.org\/blog\/wp-content\/uploads\/2010\/12\/09PremioEstatalAT01.jpg\" \/><\/a><\/div>\n","protected":false},"excerpt":{"rendered":"<p>El II PREMIO de ATENCI\u00d3N TEMPRANA otorgado por la Federaci\u00f3n de Asociaciones de Profesionales de Atenci\u00f3n Temprana, GAT,&nbsp;se va para Murcia.Recogida la valoraci\u00f3n de los miembros del jurado de la II Edici\u00f3n de los Premios Estatales de Atenci\u00f3n Temprana, convocado por la Federaci\u00f3n de Asociaciones de Profesionales de Atenci\u00f3n Temprana con el apoyo econ\u00f3mico e [&hellip;]<\/p>\n","protected":false},"author":1,"featured_media":304,"comment_status":"closed","ping_status":"open","sticky":false,"template":"","format":"standard","meta":{"_monsterinsights_skip_tracking":false,"_monsterinsights_sitenote_active":false,"_monsterinsights_sitenote_note":"","_monsterinsights_sitenote_category":0,"footnotes":""},"categories":[7],"tags":[],"class_list":["post-110","post","type-post","status-publish","format-standard","has-post-thumbnail","hentry","category-noticias"],"_links":{"self":[{"href":"http:\/\/www.aite-extremadura.org\/blog\/wp-json\/wp\/v2\/posts\/110","targetHints":{"allow":["GET"]}}],"collection":[{"href":"http:\/\/www.aite-extremadura.org\/blog\/wp-json\/wp\/v2\/posts"}],"about":[{"href":"http:\/\/www.aite-extremadura.org\/blog\/wp-json\/wp\/v2\/types\/post"}],"author":[{"embeddable":true,"href":"http:\/\/www.aite-extremadura.org\/blog\/wp-json\/wp\/v2\/users\/1"}],"replies":[{"embeddable":true,"href":"http:\/\/www.aite-extremadura.org\/blog\/wp-json\/wp\/v2\/comments?post=110"}],"version-history":[{"count":1,"href":"http:\/\/www.aite-extremadura.org\/blog\/wp-json\/wp\/v2\/posts\/110\/revisions"}],"predecessor-version":[{"id":507,"href":"http:\/\/www.aite-extremadura.org\/blog\/wp-json\/wp\/v2\/posts\/110\/revisions\/507"}],"wp:featuredmedia":[{"embeddable":true,"href":"http:\/\/www.aite-extremadura.org\/blog\/wp-json\/wp\/v2\/media\/304"}],"wp:attachment":[{"href":"http:\/\/www.aite-extremadura.org\/blog\/wp-json\/wp\/v2\/media?parent=110"}],"wp:term":[{"taxonomy":"category","embeddable":true,"href":"http:\/\/www.aite-extremadura.org\/blog\/wp-json\/wp\/v2\/categories?post=110"},{"taxonomy":"post_tag","embeddable":true,"href":"http:\/\/www.aite-extremadura.org\/blog\/wp-json\/wp\/v2\/tags?post=110"}],"curies":[{"name":"wp","href":"https:\/\/api.w.org\/{rel}","templated":true}]}}