{"id":11,"date":"2012-06-07T14:01:00","date_gmt":"2012-06-07T14:01:00","guid":{"rendered":"http:\/\/www.aite-extremadura.org\/blog\/?p=11"},"modified":"2018-05-09T23:39:08","modified_gmt":"2018-05-09T22:39:08","slug":"master-en-desarrollo-infantil-y-atencion-temprana-universidad-de-valencia","status":"publish","type":"post","link":"http:\/\/www.aite-extremadura.org\/blog\/master-en-desarrollo-infantil-y-atencion-temprana-universidad-de-valencia\/","title":{"rendered":"Master en Desarrollo Infantil y Atenci\u00f3n Temprana. Universidad de Valencia."},"content":{"rendered":"<p>La Universidad de Valencia oferta la 12\u00aa edici\u00f3n del M\u00e1ster en Desarrollo Infantil y Atenci\u00f3n Temprana. Comenzar\u00e1 en Octubre de 2012 y finalizar\u00e1 en Diciembre de 2013.<\/p>\n<p>Ten\u00e9is toda la informaci\u00f3n en este <a href=\"http:\/\/postgrado.adeit-uv.es\/12711010\">ENLACE<\/a><\/p>\n<p><\/p>\n<div style=\"clear: both; text-align: center;\"><a href=\"http:\/\/www.aite-extremadura.org\/blog\/wp-content\/uploads\/2012\/06\/TARJETON-MASTERtraz-2013-page-001.jpg\" style=\"margin-left: 1em; margin-right: 1em;\"><img loading=\"lazy\" decoding=\"async\" border=\"0\" fba=\"true\" height=\"320\" src=\"http:\/\/www.aite-extremadura.org\/blog\/wp-content\/uploads\/2012\/06\/TARJETON-MASTERtraz-2013-page-001-143x300.jpg\" width=\"152\" \/><\/a><\/div>\n<p><\/p>\n","protected":false},"excerpt":{"rendered":"<p>La Universidad de Valencia oferta la 12\u00aa edici\u00f3n del M\u00e1ster en Desarrollo Infantil y Atenci\u00f3n Temprana. Comenzar\u00e1 en Octubre de 2012 y finalizar\u00e1 en Diciembre de 2013. Ten\u00e9is toda la informaci\u00f3n en este ENLACE<\/p>\n","protected":false},"author":1,"featured_media":200,"comment_status":"closed","ping_status":"open","sticky":false,"template":"","format":"standard","meta":{"_monsterinsights_skip_tracking":false,"_monsterinsights_sitenote_active":false,"_monsterinsights_sitenote_note":"","_monsterinsights_sitenote_category":0,"footnotes":""},"categories":[4],"tags":[],"class_list":["post-11","post","type-post","status-publish","format-standard","has-post-thumbnail","hentry","category-formacion"],"_links":{"self":[{"href":"http:\/\/www.aite-extremadura.org\/blog\/wp-json\/wp\/v2\/posts\/11","targetHints":{"allow":["GET"]}}],"collection":[{"href":"http:\/\/www.aite-extremadura.org\/blog\/wp-json\/wp\/v2\/posts"}],"about":[{"href":"http:\/\/www.aite-extremadura.org\/blog\/wp-json\/wp\/v2\/types\/post"}],"author":[{"embeddable":true,"href":"http:\/\/www.aite-extremadura.org\/blog\/wp-json\/wp\/v2\/users\/1"}],"replies":[{"embeddable":true,"href":"http:\/\/www.aite-extremadura.org\/blog\/wp-json\/wp\/v2\/comments?post=11"}],"version-history":[{"count":1,"href":"http:\/\/www.aite-extremadura.org\/blog\/wp-json\/wp\/v2\/posts\/11\/revisions"}],"predecessor-version":[{"id":416,"href":"http:\/\/www.aite-extremadura.org\/blog\/wp-json\/wp\/v2\/posts\/11\/revisions\/416"}],"wp:featuredmedia":[{"embeddable":true,"href":"http:\/\/www.aite-extremadura.org\/blog\/wp-json\/wp\/v2\/media\/200"}],"wp:attachment":[{"href":"http:\/\/www.aite-extremadura.org\/blog\/wp-json\/wp\/v2\/media?parent=11"}],"wp:term":[{"taxonomy":"category","embeddable":true,"href":"http:\/\/www.aite-extremadura.org\/blog\/wp-json\/wp\/v2\/categories?post=11"},{"taxonomy":"post_tag","embeddable":true,"href":"http:\/\/www.aite-extremadura.org\/blog\/wp-json\/wp\/v2\/tags?post=11"}],"curies":[{"name":"wp","href":"https:\/\/api.w.org\/{rel}","templated":true}]}}