{"id":109,"date":"2010-12-03T12:50:00","date_gmt":"2010-12-03T12:50:00","guid":{"rendered":"http:\/\/www.aite-extremadura.org\/blog\/?p=109"},"modified":"2018-05-09T23:39:12","modified_gmt":"2018-05-09T22:39:12","slug":"dia-internacional-de-las-personas-con-discapacidad","status":"publish","type":"post","link":"http:\/\/www.aite-extremadura.org\/blog\/dia-internacional-de-las-personas-con-discapacidad\/","title":{"rendered":"Dia internacional de las personas con discapacidad"},"content":{"rendered":"<p>El 3 de Diciembre se celebra el D\u00eda Internacional de las Personas con Discapacidades. <\/p>\n<p>El tema para el a\u00f1o 2010 es \u00abMantener la promesa: incorporaci\u00f3n de la discapacidad en los objetivos de desarrollo del Milenio hacia 2015 y m\u00e1s all\u00e1\u00bb.<\/p>\n<div style=\"clear: both; text-align: center;\"><a href=\"http:\/\/www.aite-extremadura.org\/blog\/wp-content\/uploads\/2010\/12\/incluyeme.jpg\" style=\"margin-left: 1em; margin-right: 1em;\"><img loading=\"lazy\" decoding=\"async\" border=\"0\" height=\"252\" ox=\"true\" src=\"http:\/\/www.aite-extremadura.org\/blog\/wp-content\/uploads\/2010\/12\/incluyeme-300x236.jpg\" width=\"320\" \/><\/a><\/div>\n<p>La celebraci\u00f3n del D\u00eda Internacional de las Personas con Discapacidad el 3 de diciembre de cada a\u00f1o tiene por objeto ayudar a entender las cuestiones relacionadas con la discapacidad, los derechos de las personas con discapacidad y los beneficios que se derivar\u00edan de la integraci\u00f3n de estas personas en todos y cada uno de los aspectos de la vida pol\u00edtica, social, econ\u00f3mica y cultural de sus comunidades. El D\u00eda brinda la oportunidad de promover actividades encaminadas a lograr el objetivo del disfrute pleno e igual de los derechos humanos y la participaci\u00f3n en la sociedad de las personas con discapacidad, establecido en el Programa de Acci\u00f3n Mundial para las Personas con Discapacidad aprobado por la Asamblea General de las Naciones Unidas en 1982.<\/p>\n","protected":false},"excerpt":{"rendered":"<p>El 3 de Diciembre se celebra el D\u00eda Internacional de las Personas con Discapacidades. El tema para el a\u00f1o 2010 es \u00abMantener la promesa: incorporaci\u00f3n de la discapacidad en los objetivos de desarrollo del Milenio hacia 2015 y m\u00e1s all\u00e1\u00bb. La celebraci\u00f3n del D\u00eda Internacional de las Personas con Discapacidad el 3 de diciembre de [&hellip;]<\/p>\n","protected":false},"author":1,"featured_media":303,"comment_status":"closed","ping_status":"open","sticky":false,"template":"","format":"standard","meta":{"_monsterinsights_skip_tracking":false,"_monsterinsights_sitenote_active":false,"_monsterinsights_sitenote_note":"","_monsterinsights_sitenote_category":0,"footnotes":""},"categories":[7],"tags":[],"class_list":["post-109","post","type-post","status-publish","format-standard","has-post-thumbnail","hentry","category-noticias"],"_links":{"self":[{"href":"http:\/\/www.aite-extremadura.org\/blog\/wp-json\/wp\/v2\/posts\/109","targetHints":{"allow":["GET"]}}],"collection":[{"href":"http:\/\/www.aite-extremadura.org\/blog\/wp-json\/wp\/v2\/posts"}],"about":[{"href":"http:\/\/www.aite-extremadura.org\/blog\/wp-json\/wp\/v2\/types\/post"}],"author":[{"embeddable":true,"href":"http:\/\/www.aite-extremadura.org\/blog\/wp-json\/wp\/v2\/users\/1"}],"replies":[{"embeddable":true,"href":"http:\/\/www.aite-extremadura.org\/blog\/wp-json\/wp\/v2\/comments?post=109"}],"version-history":[{"count":1,"href":"http:\/\/www.aite-extremadura.org\/blog\/wp-json\/wp\/v2\/posts\/109\/revisions"}],"predecessor-version":[{"id":506,"href":"http:\/\/www.aite-extremadura.org\/blog\/wp-json\/wp\/v2\/posts\/109\/revisions\/506"}],"wp:featuredmedia":[{"embeddable":true,"href":"http:\/\/www.aite-extremadura.org\/blog\/wp-json\/wp\/v2\/media\/303"}],"wp:attachment":[{"href":"http:\/\/www.aite-extremadura.org\/blog\/wp-json\/wp\/v2\/media?parent=109"}],"wp:term":[{"taxonomy":"category","embeddable":true,"href":"http:\/\/www.aite-extremadura.org\/blog\/wp-json\/wp\/v2\/categories?post=109"},{"taxonomy":"post_tag","embeddable":true,"href":"http:\/\/www.aite-extremadura.org\/blog\/wp-json\/wp\/v2\/tags?post=109"}],"curies":[{"name":"wp","href":"https:\/\/api.w.org\/{rel}","templated":true}]}}