{"id":108,"date":"2010-12-05T19:59:00","date_gmt":"2010-12-05T19:59:00","guid":{"rendered":"http:\/\/www.aite-extremadura.org\/blog\/?p=108"},"modified":"2018-05-09T23:39:11","modified_gmt":"2018-05-09T22:39:11","slug":"el-sepad-incrementa-en-mas-de-un-12-por-ciento-el-numero-de-plazas-de-atencion-temprana-atendidas-en-los-37-servicios","status":"publish","type":"post","link":"http:\/\/www.aite-extremadura.org\/blog\/el-sepad-incrementa-en-mas-de-un-12-por-ciento-el-numero-de-plazas-de-atencion-temprana-atendidas-en-los-37-servicios\/","title":{"rendered":"El Sepad incrementa en m\u00e1s de un 12 por ciento el n\u00famero de plazas de atenci\u00f3n temprana atendidas en los 37 servicios"},"content":{"rendered":"<p>El Servicio Extreme\u00f1o de Promoci\u00f3n de la Autonom\u00eda y Atenci\u00f3n a la Dependencia (Sepad) ha incrementado en un 12,5 por ciento, a lo largo de 2010, la intervenci\u00f3n en ni\u00f1os y ni\u00f1as menores de 6 a\u00f1os, logrando que m\u00e1s de 900 reciban el servicio de Atenci\u00f3n Temprana en los 37 centros, tanto p\u00fablicos como concertados, distribuidos por toda la geograf\u00eda extreme\u00f1a con la intenci\u00f3n de acercarlos al ciudadano.<\/p>\n<p><a href=\"http:\/\/www.20minutos.es\/noticia\/895009\/0\/\">Ver noticia completa.<\/a><\/p>\n<div style=\"clear: both; text-align: center;\"><a href=\"http:\/\/www.aite-extremadura.org\/blog\/wp-content\/uploads\/2010\/12\/big-ATENCION-TEMPRANA-01.gif\" style=\"margin-left: 1em; margin-right: 1em;\"><img loading=\"lazy\" decoding=\"async\" border=\"0\" height=\"240\" ox=\"true\" src=\"http:\/\/www.aite-extremadura.org\/blog\/wp-content\/uploads\/2010\/12\/big-ATENCION-TEMPRANA-01-300x225.gif\" width=\"320\" \/><\/a><\/div>\n","protected":false},"excerpt":{"rendered":"<p>El Servicio Extreme\u00f1o de Promoci\u00f3n de la Autonom\u00eda y Atenci\u00f3n a la Dependencia (Sepad) ha incrementado en un 12,5 por ciento, a lo largo de 2010, la intervenci\u00f3n en ni\u00f1os y ni\u00f1as menores de 6 a\u00f1os, logrando que m\u00e1s de 900 reciban el servicio de Atenci\u00f3n Temprana en los 37 centros, tanto p\u00fablicos como concertados, [&hellip;]<\/p>\n","protected":false},"author":1,"featured_media":302,"comment_status":"closed","ping_status":"open","sticky":false,"template":"","format":"standard","meta":{"_monsterinsights_skip_tracking":false,"_monsterinsights_sitenote_active":false,"_monsterinsights_sitenote_note":"","_monsterinsights_sitenote_category":0,"footnotes":""},"categories":[7],"tags":[],"class_list":["post-108","post","type-post","status-publish","format-standard","has-post-thumbnail","hentry","category-noticias"],"_links":{"self":[{"href":"http:\/\/www.aite-extremadura.org\/blog\/wp-json\/wp\/v2\/posts\/108","targetHints":{"allow":["GET"]}}],"collection":[{"href":"http:\/\/www.aite-extremadura.org\/blog\/wp-json\/wp\/v2\/posts"}],"about":[{"href":"http:\/\/www.aite-extremadura.org\/blog\/wp-json\/wp\/v2\/types\/post"}],"author":[{"embeddable":true,"href":"http:\/\/www.aite-extremadura.org\/blog\/wp-json\/wp\/v2\/users\/1"}],"replies":[{"embeddable":true,"href":"http:\/\/www.aite-extremadura.org\/blog\/wp-json\/wp\/v2\/comments?post=108"}],"version-history":[{"count":1,"href":"http:\/\/www.aite-extremadura.org\/blog\/wp-json\/wp\/v2\/posts\/108\/revisions"}],"predecessor-version":[{"id":505,"href":"http:\/\/www.aite-extremadura.org\/blog\/wp-json\/wp\/v2\/posts\/108\/revisions\/505"}],"wp:featuredmedia":[{"embeddable":true,"href":"http:\/\/www.aite-extremadura.org\/blog\/wp-json\/wp\/v2\/media\/302"}],"wp:attachment":[{"href":"http:\/\/www.aite-extremadura.org\/blog\/wp-json\/wp\/v2\/media?parent=108"}],"wp:term":[{"taxonomy":"category","embeddable":true,"href":"http:\/\/www.aite-extremadura.org\/blog\/wp-json\/wp\/v2\/categories?post=108"},{"taxonomy":"post_tag","embeddable":true,"href":"http:\/\/www.aite-extremadura.org\/blog\/wp-json\/wp\/v2\/tags?post=108"}],"curies":[{"name":"wp","href":"https:\/\/api.w.org\/{rel}","templated":true}]}}