{"id":107,"date":"2010-12-09T12:18:00","date_gmt":"2010-12-09T12:18:00","guid":{"rendered":"http:\/\/www.aite-extremadura.org\/blog\/?p=107"},"modified":"2018-05-09T23:39:11","modified_gmt":"2018-05-09T22:39:11","slug":"blog-recomendado-el-jardin-secreto-de-helena","status":"publish","type":"post","link":"http:\/\/www.aite-extremadura.org\/blog\/blog-recomendado-el-jardin-secreto-de-helena\/","title":{"rendered":"Blog recomendado: El Jard\u00edn secreto de Helena"},"content":{"rendered":"<div style=\"clear: both; text-align: center;\"><a href=\"http:\/\/www.aite-extremadura.org\/blog\/wp-content\/uploads\/2010\/12\/gardenhead01rs4.jpg\" style=\"margin-left: 1em; margin-right: 1em;\"><img decoding=\"async\" border=\"0\" n4=\"true\" src=\"http:\/\/www.aite-extremadura.org\/blog\/wp-content\/uploads\/2010\/12\/gardenhead01rs4.jpg\" \/><\/a><\/div>\n<p>Una compa\u00f1era nos env\u00eda un enlace a este blog que est\u00e1 lleno de recursos y que pod\u00e9is visitar en este enlace: <a href=\"http:\/\/eljardinsecretodehelena.blogspot.com\/\">EL JARD\u00cdN SECRETO DE HELENA<\/a>. Os lo dejamos tambi\u00e9n en la nueva secci\u00f3n que hemos creado <strong><em>\u00abNuestros blogs favoritos\u00bb<\/em><\/strong>. A\u00f1adiremos ah\u00ed todos los que nos parezcan m\u00e1s interesantes, incluyendo los que ya ten\u00edamos en nuestra lista. Esperamos, como siempre, que os sea de mucha utilidad.<\/p>\n","protected":false},"excerpt":{"rendered":"<p>Una compa\u00f1era nos env\u00eda un enlace a este blog que est\u00e1 lleno de recursos y que pod\u00e9is visitar en este enlace: EL JARD\u00cdN SECRETO DE HELENA. Os lo dejamos tambi\u00e9n en la nueva secci\u00f3n que hemos creado \u00abNuestros blogs favoritos\u00bb. A\u00f1adiremos ah\u00ed todos los que nos parezcan m\u00e1s interesantes, incluyendo los que ya ten\u00edamos en [&hellip;]<\/p>\n","protected":false},"author":1,"featured_media":301,"comment_status":"closed","ping_status":"open","sticky":false,"template":"","format":"standard","meta":{"_monsterinsights_skip_tracking":false,"_monsterinsights_sitenote_active":false,"_monsterinsights_sitenote_note":"","_monsterinsights_sitenote_category":0,"footnotes":""},"categories":[9],"tags":[],"class_list":["post-107","post","type-post","status-publish","format-standard","has-post-thumbnail","hentry","category-paginas-de-interes"],"_links":{"self":[{"href":"http:\/\/www.aite-extremadura.org\/blog\/wp-json\/wp\/v2\/posts\/107","targetHints":{"allow":["GET"]}}],"collection":[{"href":"http:\/\/www.aite-extremadura.org\/blog\/wp-json\/wp\/v2\/posts"}],"about":[{"href":"http:\/\/www.aite-extremadura.org\/blog\/wp-json\/wp\/v2\/types\/post"}],"author":[{"embeddable":true,"href":"http:\/\/www.aite-extremadura.org\/blog\/wp-json\/wp\/v2\/users\/1"}],"replies":[{"embeddable":true,"href":"http:\/\/www.aite-extremadura.org\/blog\/wp-json\/wp\/v2\/comments?post=107"}],"version-history":[{"count":1,"href":"http:\/\/www.aite-extremadura.org\/blog\/wp-json\/wp\/v2\/posts\/107\/revisions"}],"predecessor-version":[{"id":504,"href":"http:\/\/www.aite-extremadura.org\/blog\/wp-json\/wp\/v2\/posts\/107\/revisions\/504"}],"wp:featuredmedia":[{"embeddable":true,"href":"http:\/\/www.aite-extremadura.org\/blog\/wp-json\/wp\/v2\/media\/301"}],"wp:attachment":[{"href":"http:\/\/www.aite-extremadura.org\/blog\/wp-json\/wp\/v2\/media?parent=107"}],"wp:term":[{"taxonomy":"category","embeddable":true,"href":"http:\/\/www.aite-extremadura.org\/blog\/wp-json\/wp\/v2\/categories?post=107"},{"taxonomy":"post_tag","embeddable":true,"href":"http:\/\/www.aite-extremadura.org\/blog\/wp-json\/wp\/v2\/tags?post=107"}],"curies":[{"name":"wp","href":"https:\/\/api.w.org\/{rel}","templated":true}]}}