{"id":106,"date":"2010-12-13T10:43:00","date_gmt":"2010-12-13T10:43:00","guid":{"rendered":"http:\/\/www.aite-extremadura.org\/blog\/?p=106"},"modified":"2018-05-09T23:39:11","modified_gmt":"2018-05-09T22:39:11","slug":"blog-atencion-temprana-en-facebook","status":"publish","type":"post","link":"http:\/\/www.aite-extremadura.org\/blog\/blog-atencion-temprana-en-facebook\/","title":{"rendered":"Blog Atenci\u00f3n Temprana en Facebook"},"content":{"rendered":"<p>El blog <i><a href=\"http:\/\/blogatenciontemprana.blogspot.com\/\">Atenci\u00f3n Temprana<\/a>, <\/i>que ya tenemos en nuestra lista del blogs favoritos, tiene una p\u00e1gina en Facebook donde pod\u00e9is op\u00ecnar y sugerir, as\u00ed como ver temas muy interesantes. Os animamos a que os un\u00e1is a \u00e9l.&nbsp; Aqu\u00ed ten\u00e9is el enlace a la<a href=\"http:\/\/www.facebook.com\/pages\/Atencion-Temprana\/132156183489450?v=wall\"> p\u00e1gina de Atenci\u00f3n Temprana en Facebook<\/a>.<br \/>Como siempre, gracias a todos los que aport\u00e1is informaci\u00f3n para colgar tan interesante. &nbsp; <\/p>\n<div style=\"clear: both; text-align: center;\"><a href=\"http:\/\/www.aite-extremadura.org\/blog\/wp-content\/uploads\/2010\/12\/41799_132156183489450_179_n.jpg\" style=\"margin-left: 1em; margin-right: 1em;\"><img decoding=\"async\" border=\"0\" src=\"http:\/\/www.aite-extremadura.org\/blog\/wp-content\/uploads\/2010\/12\/41799_132156183489450_179_n.jpg\" \/><\/a><\/div>\n","protected":false},"excerpt":{"rendered":"<p>El blog Atenci\u00f3n Temprana, que ya tenemos en nuestra lista del blogs favoritos, tiene una p\u00e1gina en Facebook donde pod\u00e9is op\u00ecnar y sugerir, as\u00ed como ver temas muy interesantes. Os animamos a que os un\u00e1is a \u00e9l.&nbsp; Aqu\u00ed ten\u00e9is el enlace a la p\u00e1gina de Atenci\u00f3n Temprana en Facebook.Como siempre, gracias a todos los que [&hellip;]<\/p>\n","protected":false},"author":1,"featured_media":300,"comment_status":"closed","ping_status":"open","sticky":false,"template":"","format":"standard","meta":{"_monsterinsights_skip_tracking":false,"_monsterinsights_sitenote_active":false,"_monsterinsights_sitenote_note":"","_monsterinsights_sitenote_category":0,"footnotes":""},"categories":[9],"tags":[],"class_list":["post-106","post","type-post","status-publish","format-standard","has-post-thumbnail","hentry","category-paginas-de-interes"],"_links":{"self":[{"href":"http:\/\/www.aite-extremadura.org\/blog\/wp-json\/wp\/v2\/posts\/106","targetHints":{"allow":["GET"]}}],"collection":[{"href":"http:\/\/www.aite-extremadura.org\/blog\/wp-json\/wp\/v2\/posts"}],"about":[{"href":"http:\/\/www.aite-extremadura.org\/blog\/wp-json\/wp\/v2\/types\/post"}],"author":[{"embeddable":true,"href":"http:\/\/www.aite-extremadura.org\/blog\/wp-json\/wp\/v2\/users\/1"}],"replies":[{"embeddable":true,"href":"http:\/\/www.aite-extremadura.org\/blog\/wp-json\/wp\/v2\/comments?post=106"}],"version-history":[{"count":1,"href":"http:\/\/www.aite-extremadura.org\/blog\/wp-json\/wp\/v2\/posts\/106\/revisions"}],"predecessor-version":[{"id":503,"href":"http:\/\/www.aite-extremadura.org\/blog\/wp-json\/wp\/v2\/posts\/106\/revisions\/503"}],"wp:featuredmedia":[{"embeddable":true,"href":"http:\/\/www.aite-extremadura.org\/blog\/wp-json\/wp\/v2\/media\/300"}],"wp:attachment":[{"href":"http:\/\/www.aite-extremadura.org\/blog\/wp-json\/wp\/v2\/media?parent=106"}],"wp:term":[{"taxonomy":"category","embeddable":true,"href":"http:\/\/www.aite-extremadura.org\/blog\/wp-json\/wp\/v2\/categories?post=106"},{"taxonomy":"post_tag","embeddable":true,"href":"http:\/\/www.aite-extremadura.org\/blog\/wp-json\/wp\/v2\/tags?post=106"}],"curies":[{"name":"wp","href":"https:\/\/api.w.org\/{rel}","templated":true}]}}