{"id":105,"date":"2010-12-15T08:53:00","date_gmt":"2010-12-15T08:53:00","guid":{"rendered":"http:\/\/www.aite-extremadura.org\/blog\/?p=105"},"modified":"2018-05-09T23:39:11","modified_gmt":"2018-05-09T22:39:11","slug":"un-cd-interactivo-ensena-a-los-ninos-como-prevenir-la-sordera","status":"publish","type":"post","link":"http:\/\/www.aite-extremadura.org\/blog\/un-cd-interactivo-ensena-a-los-ninos-como-prevenir-la-sordera\/","title":{"rendered":"Un cd interactivo ense\u00f1a a los ni\u00f1os c\u00f3mo prevenir la sordera"},"content":{"rendered":"<p>La Universidad de Castilla-La Mancha ha editado un CD interactivo dirigido a ni\u00f1os en edad escolar, que tiene como objetivo familiarizar a los m\u00e1s peque\u00f1os con su aparato auditivo y ense\u00f1arles c\u00f3mo prevenir problemas de audici\u00f3n en el futuro. <br \/>El v\u00eddeo ha sido realizado por profesores de la Facultad de Enfermer\u00eda y lleva por t\u00edtulo <em><strong>\u201cCuida tus o\u00eddos, son ventanas a los sonidos de la vida. Prot\u00e9gelos, solo tienes dos y sin repuesto\u201d. <\/strong><\/em><br \/>Seg\u00fan inform\u00f3 la universidad, el CD se distribuir\u00e1 en centros escolares y contiene juegos y consejos para prevenir problemas de hipoacusias en el futuro. <br \/>De esta forma, los escolares conocer\u00e1n sus o\u00eddos por fuera y por dentro, y aprender\u00e1n a cuidarlos y a evitar en ellos sonidos innecesarios. <\/p>\n<div style=\"clear: both; text-align: center;\"><a href=\"http:\/\/www.aite-extremadura.org\/blog\/wp-content\/uploads\/2010\/12\/1169546_tn.jpg\" style=\"margin-left: 1em; margin-right: 1em;\"><img decoding=\"async\" border=\"0\" n4=\"true\" src=\"http:\/\/www.aite-extremadura.org\/blog\/wp-content\/uploads\/2010\/12\/1169546_tn.jpg\" \/><\/a><\/div>\n<p><a href=\"http:\/\/www.uclm.net\/gabinete\/ver_noticias.asp?id_noticia=7714\">Ver noticia completa<\/a><\/p>\n","protected":false},"excerpt":{"rendered":"<p>La Universidad de Castilla-La Mancha ha editado un CD interactivo dirigido a ni\u00f1os en edad escolar, que tiene como objetivo familiarizar a los m\u00e1s peque\u00f1os con su aparato auditivo y ense\u00f1arles c\u00f3mo prevenir problemas de audici\u00f3n en el futuro. El v\u00eddeo ha sido realizado por profesores de la Facultad de Enfermer\u00eda y lleva por t\u00edtulo [&hellip;]<\/p>\n","protected":false},"author":1,"featured_media":299,"comment_status":"closed","ping_status":"open","sticky":false,"template":"","format":"standard","meta":{"_monsterinsights_skip_tracking":false,"_monsterinsights_sitenote_active":false,"_monsterinsights_sitenote_note":"","_monsterinsights_sitenote_category":0,"footnotes":""},"categories":[7],"tags":[],"class_list":["post-105","post","type-post","status-publish","format-standard","has-post-thumbnail","hentry","category-noticias"],"_links":{"self":[{"href":"http:\/\/www.aite-extremadura.org\/blog\/wp-json\/wp\/v2\/posts\/105","targetHints":{"allow":["GET"]}}],"collection":[{"href":"http:\/\/www.aite-extremadura.org\/blog\/wp-json\/wp\/v2\/posts"}],"about":[{"href":"http:\/\/www.aite-extremadura.org\/blog\/wp-json\/wp\/v2\/types\/post"}],"author":[{"embeddable":true,"href":"http:\/\/www.aite-extremadura.org\/blog\/wp-json\/wp\/v2\/users\/1"}],"replies":[{"embeddable":true,"href":"http:\/\/www.aite-extremadura.org\/blog\/wp-json\/wp\/v2\/comments?post=105"}],"version-history":[{"count":1,"href":"http:\/\/www.aite-extremadura.org\/blog\/wp-json\/wp\/v2\/posts\/105\/revisions"}],"predecessor-version":[{"id":502,"href":"http:\/\/www.aite-extremadura.org\/blog\/wp-json\/wp\/v2\/posts\/105\/revisions\/502"}],"wp:featuredmedia":[{"embeddable":true,"href":"http:\/\/www.aite-extremadura.org\/blog\/wp-json\/wp\/v2\/media\/299"}],"wp:attachment":[{"href":"http:\/\/www.aite-extremadura.org\/blog\/wp-json\/wp\/v2\/media?parent=105"}],"wp:term":[{"taxonomy":"category","embeddable":true,"href":"http:\/\/www.aite-extremadura.org\/blog\/wp-json\/wp\/v2\/categories?post=105"},{"taxonomy":"post_tag","embeddable":true,"href":"http:\/\/www.aite-extremadura.org\/blog\/wp-json\/wp\/v2\/tags?post=105"}],"curies":[{"name":"wp","href":"https:\/\/api.w.org\/{rel}","templated":true}]}}