{"id":104,"date":"2010-12-22T16:50:00","date_gmt":"2010-12-22T16:50:00","guid":{"rendered":"http:\/\/www.aite-extremadura.org\/blog\/?p=104"},"modified":"2018-05-09T23:39:11","modified_gmt":"2018-05-09T22:39:11","slug":"preparados-listos-ya","status":"publish","type":"post","link":"http:\/\/www.aite-extremadura.org\/blog\/preparados-listos-ya\/","title":{"rendered":"Preparados&#8230;Listos&#8230; \u00a1Ya!"},"content":{"rendered":"<div style=\"clear: both; text-align: center;\"><a href=\"http:\/\/www.logicmurcia.com\/Web\/FeapsDocumentos.NSF\/08db27d07184be50c125746400284778\/0895d21235d8fc2ac12577ec0053f7b4\/$FILE\/preparados_listos_ya_1.PDF\"><img decoding=\"async\" border=\"0\" n4=\"true\" src=\"http:\/\/www.aite-extremadura.org\/blog\/wp-content\/uploads\/2010\/12\/untitled.jpg\" \/><\/a><\/div>\n<div style=\"clear: both; text-align: center;\"><em>Lugar de edici\u00f3n: Murcia <\/em><\/div>\n<div style=\"text-align: center;\"><em><\/em><\/div>\n<div style=\"text-align: center;\"><em><br \/><\/em><\/div>\n<div style=\"text-align: center;\"><em>Editor: FEAPS Regi\u00f3n de Murcia <\/em><\/div>\n<div style=\"text-align: center;\"><em><br \/><\/em><\/div>\n<div style=\"text-align: center;\"><em>A\u00f1o de publicaci\u00f3n: 2010 <\/em><\/div>\n<p>FEAPS Murcia acaba de editar este libro dirigido a padres de ni\u00f1os con discapacidad, para el desarrollo de la comunicaci\u00f3n. Os lo dejamos aqu\u00ed como regalito de Navidad.&nbsp;Aqu\u00ed ten\u00e9is&nbsp;el <a href=\"http:\/\/www.logicmurcia.com\/Web\/FeapsDocumentos.NSF\/08db27d07184be50c125746400284778\/0895d21235d8fc2ac12577ec0053f7b4\/$FILE\/preparados_listos_ya_1.PDF\">ENLACE<\/a>&nbsp;de descarga. Esperamos que os sea, como siempre, muy \u00fatil para vuestro trabajo. Creemos que es interesante para el trabajo con padres. <\/p>\n<div style=\"clear: both; text-align: justify;\">Que pas\u00e9is una Feliz Nochebuena. <\/div>\n","protected":false},"excerpt":{"rendered":"<p>Lugar de edici\u00f3n: Murcia Editor: FEAPS Regi\u00f3n de Murcia A\u00f1o de publicaci\u00f3n: 2010 FEAPS Murcia acaba de editar este libro dirigido a padres de ni\u00f1os con discapacidad, para el desarrollo de la comunicaci\u00f3n. Os lo dejamos aqu\u00ed como regalito de Navidad.&nbsp;Aqu\u00ed ten\u00e9is&nbsp;el ENLACE&nbsp;de descarga. Esperamos que os sea, como siempre, muy \u00fatil para vuestro trabajo. [&hellip;]<\/p>\n","protected":false},"author":1,"featured_media":298,"comment_status":"closed","ping_status":"open","sticky":false,"template":"","format":"standard","meta":{"_monsterinsights_skip_tracking":false,"_monsterinsights_sitenote_active":false,"_monsterinsights_sitenote_note":"","_monsterinsights_sitenote_category":0,"footnotes":""},"categories":[2],"tags":[],"class_list":["post-104","post","type-post","status-publish","format-standard","has-post-thumbnail","hentry","category-libros"],"_links":{"self":[{"href":"http:\/\/www.aite-extremadura.org\/blog\/wp-json\/wp\/v2\/posts\/104","targetHints":{"allow":["GET"]}}],"collection":[{"href":"http:\/\/www.aite-extremadura.org\/blog\/wp-json\/wp\/v2\/posts"}],"about":[{"href":"http:\/\/www.aite-extremadura.org\/blog\/wp-json\/wp\/v2\/types\/post"}],"author":[{"embeddable":true,"href":"http:\/\/www.aite-extremadura.org\/blog\/wp-json\/wp\/v2\/users\/1"}],"replies":[{"embeddable":true,"href":"http:\/\/www.aite-extremadura.org\/blog\/wp-json\/wp\/v2\/comments?post=104"}],"version-history":[{"count":1,"href":"http:\/\/www.aite-extremadura.org\/blog\/wp-json\/wp\/v2\/posts\/104\/revisions"}],"predecessor-version":[{"id":501,"href":"http:\/\/www.aite-extremadura.org\/blog\/wp-json\/wp\/v2\/posts\/104\/revisions\/501"}],"wp:featuredmedia":[{"embeddable":true,"href":"http:\/\/www.aite-extremadura.org\/blog\/wp-json\/wp\/v2\/media\/298"}],"wp:attachment":[{"href":"http:\/\/www.aite-extremadura.org\/blog\/wp-json\/wp\/v2\/media?parent=104"}],"wp:term":[{"taxonomy":"category","embeddable":true,"href":"http:\/\/www.aite-extremadura.org\/blog\/wp-json\/wp\/v2\/categories?post=104"},{"taxonomy":"post_tag","embeddable":true,"href":"http:\/\/www.aite-extremadura.org\/blog\/wp-json\/wp\/v2\/tags?post=104"}],"curies":[{"name":"wp","href":"https:\/\/api.w.org\/{rel}","templated":true}]}}