{"id":101,"date":"2011-01-11T14:46:00","date_gmt":"2011-01-11T14:46:00","guid":{"rendered":"http:\/\/www.aite-extremadura.org\/blog\/?p=101"},"modified":"2018-05-09T23:39:11","modified_gmt":"2018-05-09T22:39:11","slug":"los-cadex-atienden-a-las-80-000-personas-que-existen-en-extremadura-con-discapacidad-reconocida-superior-al-33","status":"publish","type":"post","link":"http:\/\/www.aite-extremadura.org\/blog\/los-cadex-atienden-a-las-80-000-personas-que-existen-en-extremadura-con-discapacidad-reconocida-superior-al-33\/","title":{"rendered":"Los CADEX atienden a las 80.000 personas que existen en Extremadura con discapacidad reconocida superior al 33%"},"content":{"rendered":"<p>Una compa\u00f1era nos env\u00eda esta noticia. <\/p>\n<p>Los Centros de Atenci\u00f3n a la Discapacidad de Extremadura (CADEX) del Servicio Extreme\u00f1o de Promoci\u00f3n de la Autonom\u00eda y Atenci\u00f3n a la Dependencia, a fecha de diciembre de 2010, atienden a las aproximadamente 80.000 personas que existen actualmente en la regi\u00f3n con discapacidad reconocida superior al 33 por ciento, lo que representa un 7,3 por ciento de la poblaci\u00f3n extreme\u00f1a.<\/p>\n<p><a href=\"http:\/\/www.juntaaldia.es\/noticias\/detalle.aspx?id=18970\">Ver noticia completa<\/a><br \/>&nbsp; <br \/>Como siempre, agradecemos todas vuestras aportaciones al blog.<\/p>\n","protected":false},"excerpt":{"rendered":"<p>Una compa\u00f1era nos env\u00eda esta noticia. Los Centros de Atenci\u00f3n a la Discapacidad de Extremadura (CADEX) del Servicio Extreme\u00f1o de Promoci\u00f3n de la Autonom\u00eda y Atenci\u00f3n a la Dependencia, a fecha de diciembre de 2010, atienden a las aproximadamente 80.000 personas que existen actualmente en la regi\u00f3n con discapacidad reconocida superior al 33 por ciento, [&hellip;]<\/p>\n","protected":false},"author":1,"featured_media":0,"comment_status":"closed","ping_status":"open","sticky":false,"template":"","format":"standard","meta":{"_monsterinsights_skip_tracking":false,"_monsterinsights_sitenote_active":false,"_monsterinsights_sitenote_note":"","_monsterinsights_sitenote_category":0,"footnotes":""},"categories":[7],"tags":[],"class_list":["post-101","post","type-post","status-publish","format-standard","hentry","category-noticias"],"_links":{"self":[{"href":"http:\/\/www.aite-extremadura.org\/blog\/wp-json\/wp\/v2\/posts\/101","targetHints":{"allow":["GET"]}}],"collection":[{"href":"http:\/\/www.aite-extremadura.org\/blog\/wp-json\/wp\/v2\/posts"}],"about":[{"href":"http:\/\/www.aite-extremadura.org\/blog\/wp-json\/wp\/v2\/types\/post"}],"author":[{"embeddable":true,"href":"http:\/\/www.aite-extremadura.org\/blog\/wp-json\/wp\/v2\/users\/1"}],"replies":[{"embeddable":true,"href":"http:\/\/www.aite-extremadura.org\/blog\/wp-json\/wp\/v2\/comments?post=101"}],"version-history":[{"count":1,"href":"http:\/\/www.aite-extremadura.org\/blog\/wp-json\/wp\/v2\/posts\/101\/revisions"}],"predecessor-version":[{"id":498,"href":"http:\/\/www.aite-extremadura.org\/blog\/wp-json\/wp\/v2\/posts\/101\/revisions\/498"}],"wp:attachment":[{"href":"http:\/\/www.aite-extremadura.org\/blog\/wp-json\/wp\/v2\/media?parent=101"}],"wp:term":[{"taxonomy":"category","embeddable":true,"href":"http:\/\/www.aite-extremadura.org\/blog\/wp-json\/wp\/v2\/categories?post=101"},{"taxonomy":"post_tag","embeddable":true,"href":"http:\/\/www.aite-extremadura.org\/blog\/wp-json\/wp\/v2\/tags?post=101"}],"curies":[{"name":"wp","href":"https:\/\/api.w.org\/{rel}","templated":true}]}}