{"id":100,"date":"2011-01-17T10:27:00","date_gmt":"2011-01-17T10:27:00","guid":{"rendered":"http:\/\/www.aite-extremadura.org\/blog\/?p=100"},"modified":"2018-05-09T23:39:11","modified_gmt":"2018-05-09T22:39:11","slug":"observatorio-estatal-de-la-discapacidad","status":"publish","type":"post","link":"http:\/\/www.aite-extremadura.org\/blog\/observatorio-estatal-de-la-discapacidad\/","title":{"rendered":"Observatorio Estatal de la Discapacidad"},"content":{"rendered":"<p>El <a href=\"http:\/\/www.observatoriodeladiscapacidad.es\/\">Observatorio Estatal de la Discapacidad<\/a> es un instrumento t\u00e9cnico que la Administraci\u00f3n General del Estado, a trav\u00e9s del Ministerio de Sanidad, Pol\u00edtica Social e Igualdad (Direcci\u00f3n General de Coordinaci\u00f3n de Pol\u00edticas Sectoriales sobre Discapacidad y Real Patronato sobre Discapacidad), pone al servicio de las Administraciones P\u00fablicas, la Universidad y el Tercer Sector, para la recopilaci\u00f3n, sistematizaci\u00f3n, actualizaci\u00f3n, generaci\u00f3n y difusi\u00f3n de informaci\u00f3n relacionada con el \u00e1mbito de la discapacidad.<\/p>\n<div style=\"clear: both; text-align: center;\"><a href=\"http:\/\/www.observatoriodeladiscapacidad.es\/\"><img loading=\"lazy\" decoding=\"async\" border=\"0\" height=\"114\" n4=\"true\" src=\"http:\/\/www.aite-extremadura.org\/blog\/wp-content\/uploads\/2011\/01\/letras_logo_bicolor_horizontal-copia-300x107.jpg\" width=\"320\" \/><\/a><\/div>\n<div style=\"clear: both; text-align: center;\"><\/div>\n<p>El <a href=\"http:\/\/www.observatoriodeladiscapacidad.es\/\">Observatorio Estatal de la Discapacidad<\/a> tiene su origen en el convenio suscrito en Olivenza, el 4 de diciembre de 2006, entre el Ministerio de Trabajo y Asuntos Sociales (cuyas competencias en materia de discapacidad fueron asumidas, tras la \u00faltima reestructuraci\u00f3n ministerial, por el Ministerio de Sanidad, Pol\u00edtica Social e Igualdad), el Real Patronato sobre Discapacidad, la Comunidad Aut\u00f3noma de Extremadura, el Comit\u00e9 Espa\u00f1ol de Representantes de Personas con Discapacidad, la Universidad de Extremadura y la Fundaci\u00f3n para la Promoci\u00f3n y Apoyo a las Personas con Discapacidad (FUTUEX).<\/p>\n<p>Seg\u00fan el Informe Olivenza 2010, elaborado por el Observatorio Estatal de la Discapacidad, el 1,5% de los 3,8 millones de espa\u00f1oles con discapacidad residentes en hogares son menores de 6 a\u00f1os, y de ellos, el 23,3% tienen limitaciones mentales<\/p>\n<p>Fuente : Diario digital Siglo XXI. <a href=\"http:\/\/www.diariosigloxxi.com\/texto-s\/mostrar\/8381\/el-23-de-los-espaoles-menores-de-6-aos-con-discapacidad-tienen-problemas-mentales\">Ver noticia completa<\/a><\/p>\n","protected":false},"excerpt":{"rendered":"<p>El Observatorio Estatal de la Discapacidad es un instrumento t\u00e9cnico que la Administraci\u00f3n General del Estado, a trav\u00e9s del Ministerio de Sanidad, Pol\u00edtica Social e Igualdad (Direcci\u00f3n General de Coordinaci\u00f3n de Pol\u00edticas Sectoriales sobre Discapacidad y Real Patronato sobre Discapacidad), pone al servicio de las Administraciones P\u00fablicas, la Universidad y el Tercer Sector, para la [&hellip;]<\/p>\n","protected":false},"author":1,"featured_media":295,"comment_status":"closed","ping_status":"open","sticky":false,"template":"","format":"standard","meta":{"_monsterinsights_skip_tracking":false,"_monsterinsights_sitenote_active":false,"_monsterinsights_sitenote_note":"","_monsterinsights_sitenote_category":0,"footnotes":""},"categories":[7,9],"tags":[],"class_list":["post-100","post","type-post","status-publish","format-standard","has-post-thumbnail","hentry","category-noticias","category-paginas-de-interes"],"_links":{"self":[{"href":"http:\/\/www.aite-extremadura.org\/blog\/wp-json\/wp\/v2\/posts\/100","targetHints":{"allow":["GET"]}}],"collection":[{"href":"http:\/\/www.aite-extremadura.org\/blog\/wp-json\/wp\/v2\/posts"}],"about":[{"href":"http:\/\/www.aite-extremadura.org\/blog\/wp-json\/wp\/v2\/types\/post"}],"author":[{"embeddable":true,"href":"http:\/\/www.aite-extremadura.org\/blog\/wp-json\/wp\/v2\/users\/1"}],"replies":[{"embeddable":true,"href":"http:\/\/www.aite-extremadura.org\/blog\/wp-json\/wp\/v2\/comments?post=100"}],"version-history":[{"count":1,"href":"http:\/\/www.aite-extremadura.org\/blog\/wp-json\/wp\/v2\/posts\/100\/revisions"}],"predecessor-version":[{"id":497,"href":"http:\/\/www.aite-extremadura.org\/blog\/wp-json\/wp\/v2\/posts\/100\/revisions\/497"}],"wp:featuredmedia":[{"embeddable":true,"href":"http:\/\/www.aite-extremadura.org\/blog\/wp-json\/wp\/v2\/media\/295"}],"wp:attachment":[{"href":"http:\/\/www.aite-extremadura.org\/blog\/wp-json\/wp\/v2\/media?parent=100"}],"wp:term":[{"taxonomy":"category","embeddable":true,"href":"http:\/\/www.aite-extremadura.org\/blog\/wp-json\/wp\/v2\/categories?post=100"},{"taxonomy":"post_tag","embeddable":true,"href":"http:\/\/www.aite-extremadura.org\/blog\/wp-json\/wp\/v2\/tags?post=100"}],"curies":[{"name":"wp","href":"https:\/\/api.w.org\/{rel}","templated":true}]}}